{"id":975,"date":"2012-02-04T01:22:59","date_gmt":"2012-02-04T00:22:59","guid":{"rendered":"http:\/\/www.wineandweather.net\/?p=975"},"modified":"2012-02-04T01:22:59","modified_gmt":"2012-02-04T00:22:59","slug":"koca-na-koradi-odprta-tudi-5-in-6-februarja","status":"publish","type":"post","link":"https:\/\/www.wineandweather.net\/?p=975","title":{"rendered":"Ko\u010da na Koradi odprta tudi 5. in 6. februarja"},"content":{"rendered":"<p>Vse obiskovalce na\u0161ega spletnega mesta obve\u0161\u010damo, da bo planinska ko\u010da na Koradi odprta tudi ta vikend, ekstremnim vremenskim razmeram navkljub. Oskrbnik Milojko vam sporo\u010da, da se boste tako v soboto, kot tudi v nedeljo lahko okrep\u010dali med 10:00 zjutraj in 20:00 zve\u010der. Poleg toplih napitkov in ostale pija\u010de, bo na voljo tudi jeda\u010da, in sicer kme\u010dki kro\u017enik (klobasa, prata, zelje, tenstan krompir) in jota s klobaso.<\/p>\n<p>WineAndWeather vam pa priporo\u010da toplo obleko ter za\u0161\u010dito vseh naglavnih okon\u010din (u\u0161esa, nos&#8230;), kajti ob\u010dutki mraza se te dni spu\u0161\u010dajo pod -40\u00b0C. Nekaj, kar zlepa ne boste ve\u010d do\u017eiveli. Poizkusite, prav imenitno noro je! \ud83d\ude09<\/p>\n","protected":false},"excerpt":{"rendered":"<p>Vse obiskovalce na\u0161ega spletnega mesta obve\u0161\u010damo, da bo planinska ko\u010da na Koradi odprta tudi ta vikend, ekstremnim vremenskim razmeram navkljub. Oskrbnik Milojko vam sporo\u010da, da se boste tako v soboto, kot tudi v nedeljo lahko okrep\u010dali med 10:00 zjutraj in 20:00 zve\u010der. Poleg toplih napitkov in ostale pija\u010de, bo na voljo tudi jeda\u010da, in sicer [&hellip;]<\/p>\n","protected":false},"author":1,"featured_media":0,"comment_status":"open","ping_status":"closed","sticky":false,"template":"","format":"standard","meta":{"footnotes":""},"categories":[8],"tags":[],"_links":{"self":[{"href":"https:\/\/www.wineandweather.net\/index.php?rest_route=\/wp\/v2\/posts\/975"}],"collection":[{"href":"https:\/\/www.wineandweather.net\/index.php?rest_route=\/wp\/v2\/posts"}],"about":[{"href":"https:\/\/www.wineandweather.net\/index.php?rest_route=\/wp\/v2\/types\/post"}],"author":[{"embeddable":true,"href":"https:\/\/www.wineandweather.net\/index.php?rest_route=\/wp\/v2\/users\/1"}],"replies":[{"embeddable":true,"href":"https:\/\/www.wineandweather.net\/index.php?rest_route=%2Fwp%2Fv2%2Fcomments&post=975"}],"version-history":[{"count":1,"href":"https:\/\/www.wineandweather.net\/index.php?rest_route=\/wp\/v2\/posts\/975\/revisions"}],"predecessor-version":[{"id":976,"href":"https:\/\/www.wineandweather.net\/index.php?rest_route=\/wp\/v2\/posts\/975\/revisions\/976"}],"wp:attachment":[{"href":"https:\/\/www.wineandweather.net\/index.php?rest_route=%2Fwp%2Fv2%2Fmedia&parent=975"}],"wp:term":[{"taxonomy":"category","embeddable":true,"href":"https:\/\/www.wineandweather.net\/index.php?rest_route=%2Fwp%2Fv2%2Fcategories&post=975"},{"taxonomy":"post_tag","embeddable":true,"href":"https:\/\/www.wineandweather.net\/index.php?rest_route=%2Fwp%2Fv2%2Ftags&post=975"}],"curies":[{"name":"wp","href":"https:\/\/api.w.org\/{rel}","templated":true}]}}