{"id":650,"date":"2011-05-09T11:20:12","date_gmt":"2011-05-09T09:20:12","guid":{"rendered":"http:\/\/www.wineandweather.net\/?p=650"},"modified":"2011-05-09T11:21:49","modified_gmt":"2011-05-09T09:21:49","slug":"prehod-hladne-fronte-08052011","status":"publish","type":"post","link":"https:\/\/www.wineandweather.net\/?p=650","title":{"rendered":"Prehod hladne fronte 08\/05\/2011"},"content":{"rendered":"<p>Su\u0161no vreme se nadaljuje tudi v prvi dekadi meseca maja. Nedelja 08\/05\/2011 nam je prinesla prehod hladne fronte \u010dez na\u0161e kraje, vendar smo ostali prakti\u010dno brez padavin. Nad JV-osrednjo Evropo se je zadr\u017eevalo vi\u0161insko jedro hladnega zraka, ki je v nedeljo potovalo v smeri SV -&gt; JZ.<\/p>\n<p><img loading=\"lazy\" decoding=\"async\" class=\"alignnone\" title=\"500 hpa - GFS\" src=\"http:\/\/www.wineandweather.net\/Foto\/Fronta080511\/500hpa.gif\" alt=\"\" width=\"704\" height=\"513\" \/><\/p>\n<p>Na\u0161e kraje je tekom nedeljskega popoldneva pre\u0161la hladna fronta, ki je lepo vidna tudi na satelitskem posnetku:<\/p>\n<p><img loading=\"lazy\" decoding=\"async\" class=\"alignnone\" title=\"Sat24\" src=\"http:\/\/www.wineandweather.net\/Foto\/Fronta080511\/sat1615.gif\" alt=\"\" width=\"700\" height=\"490\" \/><\/p>\n<p>Ve\u010dina Slovenije je dobila le \u0161ibke padavine. Na Primorskem se je ob malenkost vi\u0161ji vla\u017enosti na predfrontalni konvergenci razvilo nekaj kratkotrajnih neviht, ve\u010dinoma pa je tudi to obmo\u010dje ostalo z zgolj zanemarljivimi koli\u010dinami padavin.<\/p>\n<p><img loading=\"lazy\" decoding=\"async\" class=\"alignnone\" title=\"radar osmer\" src=\"http:\/\/www.wineandweather.net\/Foto\/Fronta080511\/radar1630.gif\" alt=\"\" width=\"501\" height=\"501\" \/><\/p>\n<p>Dan pred fronto je bil sicer popolnoma jasen. Pihal je \u0161ibek JZ veter. Takoj ob prehodu fronte je zapihala zmerna burja, sprva tja do 50 km\/h, kasneje tudi ve\u010d. Burja je prepre\u010dila kakr\u0161enkoli konkretnej\u0161i razvoj neviht na Z Slovenije in v Furlaniji, ki so tako hitro slabele in izginjale, \u0161e preden bi se mogle bolje organizirati. Takoj po prehodu hladne fronte, ki je k nam prinesla suh zrak, se je razjasnilo. Fotografija obla\u010dnosti hladne fronte\u00a0 (16:40 po lokalnem \u010dasu):<\/p>\n<p><img loading=\"lazy\" decoding=\"async\" class=\"alignnone\" title=\"Prehod fronte \u010dez Z Slovenijo\" src=\"http:\/\/www.wineandweather.net\/Foto\/Fronta080511\/slika1.jpg\" alt=\"\" width=\"700\" height=\"462\" \/><\/p>\n<p>Poglejmo si \u0161e nekaj zanimivih podatkov iz Amaterske vremenske postaje Enomarket Kojsko.<\/p>\n<p>Padec temperature ob 16:50 ob prehodu fronte in takoj\u0161enj porast zra\u010dnega tlaka:<\/p>\n<p><img loading=\"lazy\" decoding=\"async\" class=\"alignnone\" title=\"Temperatura\" src=\"http:\/\/www.wineandweather.net\/Foto\/Fronta080511\/temp.gif\" alt=\"\" width=\"320\" height=\"200\" \/> <img loading=\"lazy\" decoding=\"async\" class=\"alignnone\" title=\"Relativno zra\u010dni tlak\" src=\"http:\/\/www.wineandweather.net\/Foto\/Fronta080511\/baro.gif\" alt=\"\" width=\"320\" height=\"200\" \/><\/p>\n<p>Ob fronti se za\u010dela pihati burja. Poglejte skok hitrosti in spremembo smeri iz JZ v SV:<\/p>\n<p><img loading=\"lazy\" decoding=\"async\" class=\"alignnone\" title=\"Hitrost vetra\" src=\"http:\/\/www.wineandweather.net\/Foto\/Fronta080511\/veter.gif\" alt=\"\" width=\"320\" height=\"200\" \/> <img loading=\"lazy\" decoding=\"async\" class=\"alignnone\" title=\"Smer vetra\" src=\"http:\/\/www.wineandweather.net\/Foto\/Fronta080511\/smer.gif\" alt=\"\" width=\"320\" height=\"200\" \/><\/p>\n<p>Na AVP Enomarket Kojsko smo zabele\u017eili 1 mm padavin. Najve\u010d je na obmo\u010dju Gori\u0161kih Brd zabele\u017eila AVP Korada, in sicer skromna 2 mm padavin. Ostale amaterske in agrometeorolo\u0161ke postaje v Gori\u0161kih Brdih so zabele\u017eile manj kot 1 mm padavin. Majhna koli\u010dina padavin in suh zrak z burjo, ki je sledil fronti, je pomenil le kratkotrajno omo\u010denost listov vinske trte v Gori\u0161kih Brdih, ki je trajala le dobro uro in ni bistveno prispevala k ugodnim pogojem za razvoj peronospore vinske trte.<\/p>\n<p>Viri:<\/p>\n<ul>\n<li><a href=\"http:\/\/www.wetter3.de\/Archiv\/\" target=\"_blank\">GFS arhiv<\/a><\/li>\n<li><a href=\"http:\/\/www.sat24.com\" target=\"_blank\">Sat24<\/a><\/li>\n<li><a href=\"http:\/\/www.osmer.fvg.it\/\" target=\"_blank\">Radar Osmer<\/a><\/li>\n<li><a href=\"http:\/\/www.wineandweather.net\/?p=432\" target=\"_blank\">AVP Enomarket Kojsko<\/a><\/li>\n<li><a href=\"http:\/\/www.fito-info.si\/index1.asp?ID=Prognoze\/postaje\/mreza1.asp\" target=\"_blank\">Fito-info<\/a><\/li>\n<\/ul>\n","protected":false},"excerpt":{"rendered":"<p>Su\u0161no vreme se nadaljuje tudi v prvi dekadi meseca maja. Nedelja 08\/05\/2011 nam je prinesla prehod hladne fronte \u010dez na\u0161e kraje, vendar smo ostali prakti\u010dno brez padavin. Nad JV-osrednjo Evropo se je zadr\u017eevalo vi\u0161insko jedro hladnega zraka, ki je v nedeljo potovalo v smeri SV -&gt; JZ. Na\u0161e kraje je tekom nedeljskega popoldneva pre\u0161la hladna [&hellip;]<\/p>\n","protected":false},"author":1,"featured_media":0,"comment_status":"open","ping_status":"open","sticky":false,"template":"","format":"standard","meta":{"footnotes":""},"categories":[22,1,3],"tags":[26,65,97,90,25,182,181,52,180],"_links":{"self":[{"href":"https:\/\/www.wineandweather.net\/index.php?rest_route=\/wp\/v2\/posts\/650"}],"collection":[{"href":"https:\/\/www.wineandweather.net\/index.php?rest_route=\/wp\/v2\/posts"}],"about":[{"href":"https:\/\/www.wineandweather.net\/index.php?rest_route=\/wp\/v2\/types\/post"}],"author":[{"embeddable":true,"href":"https:\/\/www.wineandweather.net\/index.php?rest_route=\/wp\/v2\/users\/1"}],"replies":[{"embeddable":true,"href":"https:\/\/www.wineandweather.net\/index.php?rest_route=%2Fwp%2Fv2%2Fcomments&post=650"}],"version-history":[{"count":4,"href":"https:\/\/www.wineandweather.net\/index.php?rest_route=\/wp\/v2\/posts\/650\/revisions"}],"predecessor-version":[{"id":653,"href":"https:\/\/www.wineandweather.net\/index.php?rest_route=\/wp\/v2\/posts\/650\/revisions\/653"}],"wp:attachment":[{"href":"https:\/\/www.wineandweather.net\/index.php?rest_route=%2Fwp%2Fv2%2Fmedia&parent=650"}],"wp:term":[{"taxonomy":"category","embeddable":true,"href":"https:\/\/www.wineandweather.net\/index.php?rest_route=%2Fwp%2Fv2%2Fcategories&post=650"},{"taxonomy":"post_tag","embeddable":true,"href":"https:\/\/www.wineandweather.net\/index.php?rest_route=%2Fwp%2Fv2%2Ftags&post=650"}],"curies":[{"name":"wp","href":"https:\/\/api.w.org\/{rel}","templated":true}]}}