{"id":561,"date":"2011-04-05T15:49:19","date_gmt":"2011-04-05T13:49:19","guid":{"rendered":"http:\/\/www.wineandweather.net\/?p=561"},"modified":"2011-04-05T15:51:46","modified_gmt":"2011-04-05T13:51:46","slug":"prehod-hladne-fronte-04042011","status":"publish","type":"post","link":"https:\/\/www.wineandweather.net\/?p=561","title":{"rendered":"Prehod hladne fronte 04\/04\/2011"},"content":{"rendered":"<p>V ponedeljek zve\u010der je na\u0161e kraje pre\u0161la hladna fronta. Ob tem so se pro\u017eile konvektivne padavine, ponekod v Sloveniji in Italiji (Veneto) tudi v obliki neviht. SV Slovenija je do\u017eivela predvsem nekaj tako imenovanih &#8216;elevated storms&#8217; z visokimi bazami. O dogajanju v Bene\u010diji (Veneto), si lahko ve\u010d preberete tukaj: <a href=\"http:\/\/forum.meteonetwork.it\/thunderstorms-and-chasers\/133960-lunedi-4-aprile.html\" target=\"_blank\">Meteonetwork.it<\/a><\/p>\n<p>Fronta nas je pre\u0161la v ve\u010dernih urah:<\/p>\n<p><img loading=\"lazy\" decoding=\"async\" class=\"alignnone\" title=\"Hladen zrak na ploskvi 500 hpa\" src=\"http:\/\/www.wineandweather.net\/Foto\/Fronta_040411\/gfs_500hpa_04041118utc.gif\" alt=\"\" width=\"704\" height=\"513\" \/><\/p>\n<p>Po 23:00 se je na zahodu ob fronti formirala za ta \u010das lepa linija, ki pa zaradi nizke vla\u017enosti v ni\u017ejih plasteh ozra\u010dja ter posledi\u010dno pomanjkanja energije v zraku, ni kazala kakr\u0161nekoli nevihtne aktivnosti. Vseeno je radarska slika vredna ogleda, saj smo podobnih vajeni predvsem poleti:<\/p>\n<p><img loading=\"lazy\" decoding=\"async\" class=\"alignnone\" title=\"Radar Osmer\" src=\"http:\/\/www.wineandweather.net\/Foto\/Fronta_040411\/radar_040411_2335.gif\" alt=\"\" width=\"501\" height=\"501\" \/><\/p>\n<p>Padavin ob prehodu fronte ni bilo veliko. Spodaj so zbrani podatki o koli\u010dinah padavin na agrometeorolo\u0161kih in amaterskih vremenskih postajah na S Primorskem.<\/p>\n<p>Gori\u0161ka Brda:<\/p>\n<ul>\n<li>Biljana: 8,6 mm (amaterska)<\/li>\n<li>Kojsko: 12,2 mm (amaterska)<\/li>\n<li>Korada: 9,9 mm (amaterska)<\/li>\n<li>Kozana: 5,6 mm (agro)<\/li>\n<li>Neblo: 8,0 mm (amaterska)<\/li>\n<li>\u0160lovrenc: 6,6 mm (agro)<\/li>\n<li>Vipol\u017ee: 7,4 mm (agro)<\/li>\n<li>Vi\u0161njevik: 6,6 mm (agro)<\/li>\n<\/ul>\n<p>So\u0161ka dolina in Banj\u0161ka planota:<\/p>\n<ul>\n<li>Nova Gorica: 7,8 mm (amaterska)<\/li>\n<li>Paljevo: 8,0 mm (amaterska)<\/li>\n<li>Gorenje Polje: 10,2 mm (amaterska)<\/li>\n<li>Ravna pri Ligu: 12,0 mm (amaterska)<\/li>\n<li>Levpa: 9,4 mm (amaterska)<\/li>\n<li>Okroglo (Kal nad Kanalom): 15,0 mm (amaterska)<\/li>\n<li>Dol pri \u010cepovanu: 10,3 mm (amaterska)<\/li>\n<li>Tolmin: 10,6 mm (amaterska)<\/li>\n<li>Bovec: 11,0 mm (amaterska)<\/li>\n<\/ul>\n<p>Po prehodu fronte je na Primorskem zapihala burja, v S Furlaniji pa severni veter, kar je povsem obi\u010dajen dogodek pri takih prehodih. Napoved burje s strani gfs modela:<\/p>\n<p><img loading=\"lazy\" decoding=\"async\" class=\"alignnone\" title=\"Veter na 10m\" src=\"http:\/\/www.wineandweather.net\/Foto\/Fronta_040411\/gfs_10wind_04041100utc.gif\" alt=\"\" width=\"704\" height=\"513\" \/><\/p>\n<p>Graf sunkov burje na AVP Enomarket Kojsko iz katerega je lepo razviden za\u010detek burje v poznih ve\u010dernih urah 04\/04\/2011. Najmo\u010dnej\u0161i zabele\u017een sunek je zna\u0161al 59,5 km\/h. Burja po takih prehodih hladnih front je kratkotrajna, tudi tokrat je do jutra ponehala:<\/p>\n<p><img loading=\"lazy\" decoding=\"async\" class=\"alignnone\" title=\"Burja - Enomarket Kojsko\" src=\"http:\/\/www.wineandweather.net\/Foto\/Fronta_040411\/burja_4april.JPG\" alt=\"\" width=\"515\" height=\"359\" \/><\/p>\n<p>Viri:<\/p>\n<ul>\n<li><a href=\"http:\/\/www.osmer.fvg.it\/\" target=\"_blank\">Osmer Radar FVG<\/a><\/li>\n<li><a href=\"http:\/\/www.wetter3.de\/Archiv\/\" target=\"_blank\">GFS Arhiv<\/a><\/li>\n<li><a href=\"http:\/\/www.geostik.com\/mv30.asp\" target=\"_blank\">Geostik<\/a><\/li>\n<li><a href=\"http:\/\/www.fito-info.si\/\" target=\"_blank\">Fito-info<\/a><\/li>\n<li><a href=\"http:\/\/www.wineandweather.net\/vpkojsko\/index.html\" target=\"_blank\">AVP Enomarket Kojsko<\/a><\/li>\n<\/ul>\n","protected":false},"excerpt":{"rendered":"<p>V ponedeljek zve\u010der je na\u0161e kraje pre\u0161la hladna fronta. Ob tem so se pro\u017eile konvektivne padavine, ponekod v Sloveniji in Italiji (Veneto) tudi v obliki neviht. SV Slovenija je do\u017eivela predvsem nekaj tako imenovanih &#8216;elevated storms&#8217; z visokimi bazami. O dogajanju v Bene\u010diji (Veneto), si lahko ve\u010d preberete tukaj: Meteonetwork.it Fronta nas je pre\u0161la v [&hellip;]<\/p>\n","protected":false},"author":1,"featured_media":0,"comment_status":"open","ping_status":"open","sticky":false,"template":"","format":"standard","meta":{"footnotes":""},"categories":[22,3],"tags":[95,100,26,65,90,25,101,102],"_links":{"self":[{"href":"https:\/\/www.wineandweather.net\/index.php?rest_route=\/wp\/v2\/posts\/561"}],"collection":[{"href":"https:\/\/www.wineandweather.net\/index.php?rest_route=\/wp\/v2\/posts"}],"about":[{"href":"https:\/\/www.wineandweather.net\/index.php?rest_route=\/wp\/v2\/types\/post"}],"author":[{"embeddable":true,"href":"https:\/\/www.wineandweather.net\/index.php?rest_route=\/wp\/v2\/users\/1"}],"replies":[{"embeddable":true,"href":"https:\/\/www.wineandweather.net\/index.php?rest_route=%2Fwp%2Fv2%2Fcomments&post=561"}],"version-history":[{"count":3,"href":"https:\/\/www.wineandweather.net\/index.php?rest_route=\/wp\/v2\/posts\/561\/revisions"}],"predecessor-version":[{"id":563,"href":"https:\/\/www.wineandweather.net\/index.php?rest_route=\/wp\/v2\/posts\/561\/revisions\/563"}],"wp:attachment":[{"href":"https:\/\/www.wineandweather.net\/index.php?rest_route=%2Fwp%2Fv2%2Fmedia&parent=561"}],"wp:term":[{"taxonomy":"category","embeddable":true,"href":"https:\/\/www.wineandweather.net\/index.php?rest_route=%2Fwp%2Fv2%2Fcategories&post=561"},{"taxonomy":"post_tag","embeddable":true,"href":"https:\/\/www.wineandweather.net\/index.php?rest_route=%2Fwp%2Fv2%2Ftags&post=561"}],"curies":[{"name":"wp","href":"https:\/\/api.w.org\/{rel}","templated":true}]}}