{"id":442,"date":"2011-01-18T15:43:21","date_gmt":"2011-01-18T14:43:21","guid":{"rendered":"http:\/\/www.wineandweather.net\/?p=442"},"modified":"2011-01-22T13:30:18","modified_gmt":"2011-01-22T12:30:18","slug":"megla-na-primorskem-17-in-18-01-2011","status":"publish","type":"post","link":"https:\/\/www.wineandweather.net\/?p=442","title":{"rendered":"Megla na Primorskem 17. in 18.01.2011"},"content":{"rendered":"<p>Sredina januarja je na Primorskem bolj ali manj v znamenju advekcijske megle, ki nastane, ko se topel zrak nariva nad hladno celino. V soncu se kopajo vi\u0161je le\u017ee\u010di kraji, kjer so tudi temperature bistveno vi\u0161je kot v ni\u017einah. Tako je na primer v Ravni pri Ligu (516 m.n.v.) nad So\u0161ko dolino 18.1. ob 15:00 kar 13\u00b0C, v Kojskem v Gori\u0161kih Brdih (276 m.n.v.) pa le 2\u00b0C. Tako ohlajanje zraka in temperaturna inverzija v ni\u017einah vzrokujeta nastanku megle. Zrak se ohladi pod temperaturo rosi\u0161\u010da, kar povzro\u010di kondenzacijo vodne pare iz zraka. Poleg zahodne Slovenije je pod obla\u010dnim pokrovom, debelim pribli\u017eno 300 m tudi celotna Padska ni\u017eina ter velik del Jadrana, kar je lepo videti tudi na spodnji satelitski sliki:<\/p>\n<p><img loading=\"lazy\" decoding=\"async\" class=\"alignnone\" title=\"Satelitska slika - Sat24.com\" src=\"http:\/\/www.wineandweather.net\/Foto\/Megla170111\/satelit.gif\" alt=\"\" width=\"700\" height=\"450\" \/><\/p>\n<p>Dnevi so v ni\u017einah gotovo neprijetni, toda dvig nad inverzijo ponuja spektakularne poglede na na\u0161o de\u017eelo. Spodaj je nekaj fotografij, nastalih v Gori\u0161kih Brdih 17. in 18. januarja 2011. Najprej son\u010dni zahod 17.1. in pogledi na Gonja\u010de z razglednim stolpom:<\/p>\n<p><img loading=\"lazy\" decoding=\"async\" class=\"alignnone\" title=\"Gonja\u010de - razgledni stolp\" src=\"http:\/\/www.wineandweather.net\/Foto\/Megla170111\/gonjace.jpg\" alt=\"\" width=\"700\" height=\"452\" \/><\/p>\n<p><img loading=\"lazy\" decoding=\"async\" class=\"alignnone\" title=\"Gonja\u010de - razgledni stolp\" src=\"http:\/\/www.wineandweather.net\/Foto\/Megla170111\/gonjace1.jpg\" alt=\"\" width=\"457\" height=\"700\" \/><\/p>\n<p><img loading=\"lazy\" decoding=\"async\" class=\"alignnone\" title=\"Gonja\u010de - Razgledni stolp\" src=\"http:\/\/www.wineandweather.net\/Foto\/Megla170111\/gonjace3.jpg\" alt=\"\" width=\"700\" height=\"451\" \/><\/p>\n<p>Pogled na cerkev Sveti Kri\u017e v Kojskem. V ozadju \u0160teverjan ter v daljavi hribi Kra\u0161kega roba:<\/p>\n<p><img loading=\"lazy\" decoding=\"async\" class=\"alignnone\" title=\"Sveti Kri\u017e v Kojskem, \u0160teverjan, Kra\u0161ki rob\" src=\"http:\/\/www.wineandweather.net\/Foto\/Megla170111\/kojsko.jpg\" alt=\"\" width=\"700\" height=\"467\" \/><\/p>\n<p>Sledijo \u0161e jutranje fotografije, ki so nastale ob son\u010dnem vzhodu 18.01.2011. V ni\u017einah je bilo popolno brezvetrje, vi\u0161je v Gonja\u010dah pa je pihal zmeren SV, ki se je po son\u010dnem vzhodu \u0161e okrepil. Najprej \u0160martno, \u0161e pred son\u010dnim vzhodom:<\/p>\n<p><img loading=\"lazy\" decoding=\"async\" class=\"alignnone\" title=\"\u0160martno v Gori\u0161kih Brdih\" src=\"http:\/\/www.wineandweather.net\/Foto\/Megla170111\/smartno1.jpg\" alt=\"\" width=\"700\" height=\"467\" \/><\/p>\n<p>Pogled proti Krasnemu in pobo\u010dju Korade (812 m) in megla po dolinicah med Bri\u0161kimi Gri\u010di:<\/p>\n<p><img loading=\"lazy\" decoding=\"async\" class=\"alignnone\" title=\"Krasno, Korada (812 m)\" src=\"http:\/\/www.wineandweather.net\/Foto\/Megla170111\/korada.jpg\" alt=\"\" width=\"700\" height=\"467\" \/><\/p>\n<p>Son\u010dni vzhod je postregel s \u0161e nekaj spektakularnimi prizori. Pogled na Kojsko ter za njim Sabotin (609 m), hribe Trnovske planote in Nanos v daljavi:<\/p>\n<p><img loading=\"lazy\" decoding=\"async\" class=\"alignnone\" title=\"Kojsko\" src=\"http:\/\/www.wineandweather.net\/Foto\/Megla170111\/kojsko1.jpg\" alt=\"\" width=\"700\" height=\"464\" \/><\/p>\n<p>Hum in za njim \u0160teverjan. V daljavi Kra\u0161ki rob s Trsteljem:<\/p>\n<p><img loading=\"lazy\" decoding=\"async\" class=\"alignnone\" title=\"Hum in \u0160teverjan\" src=\"http:\/\/www.wineandweather.net\/Foto\/Megla170111\/hum.jpg\" alt=\"\" width=\"700\" height=\"458\" \/><\/p>\n<p>Pogled na vas Vedrijan in Vi\u0161njevik za njim, kjer iz megle pogleduje le nekaj hi\u0161. V daljavi so Karnijske Alpe ter Dolomiti:<\/p>\n<p><img loading=\"lazy\" decoding=\"async\" class=\"alignnone\" title=\"Vedrijan\" src=\"http:\/\/www.wineandweather.net\/Foto\/Megla170111\/vedrijan.jpg\" alt=\"\" width=\"700\" height=\"467\" \/><\/p>\n<p>In za konec \u0161e pogled na s soncem obsijano \u0160martno:<\/p>\n<p><img loading=\"lazy\" decoding=\"async\" class=\"alignnone\" title=\"\u0160martno v Gori\u0161kih Brdih\" src=\"http:\/\/www.wineandweather.net\/Foto\/Megla170111\/smartno.jpg\" alt=\"\" width=\"700\" height=\"467\" \/><\/p>\n<p>Dodajam \u0161e dve fotografiji, ki sta nastali 19.01., ko se je megla \u017ee umikala. Tako se je Solkan \u017ee re\u0161il njenega objema, medtem ko je bila Nova Gorica \u0161e vedno v megli:<\/p>\n<p><img loading=\"lazy\" decoding=\"async\" class=\"alignnone\" title=\"Solkan in Nova Gorica\" src=\"http:\/\/www.wineandweather.net\/Foto\/Megla170111\/gorica.jpg\" alt=\"\" width=\"700\" height=\"454\" \/><\/p>\n<p>\u0160e mal\u010dek pribli\u017eano:<\/p>\n<p><img loading=\"lazy\" decoding=\"async\" class=\"alignnone\" title=\"Solkan in Nova Gorica\" src=\"http:\/\/www.wineandweather.net\/Foto\/Megla170111\/gorica1.jpg\" alt=\"\" width=\"700\" height=\"463\" \/><\/p>\n","protected":false},"excerpt":{"rendered":"<p>Sredina januarja je na Primorskem bolj ali manj v znamenju advekcijske megle, ki nastane, ko se topel zrak nariva nad hladno celino. V soncu se kopajo vi\u0161je le\u017ee\u010di kraji, kjer so tudi temperature bistveno vi\u0161je kot v ni\u017einah. Tako je na primer v Ravni pri Ligu (516 m.n.v.) nad So\u0161ko dolino 18.1. ob 15:00 kar [&hellip;]<\/p>\n","protected":false},"author":1,"featured_media":0,"comment_status":"open","ping_status":"open","sticky":false,"template":"","format":"standard","meta":{"footnotes":""},"categories":[22,3],"tags":[26,76,77,25],"_links":{"self":[{"href":"https:\/\/www.wineandweather.net\/index.php?rest_route=\/wp\/v2\/posts\/442"}],"collection":[{"href":"https:\/\/www.wineandweather.net\/index.php?rest_route=\/wp\/v2\/posts"}],"about":[{"href":"https:\/\/www.wineandweather.net\/index.php?rest_route=\/wp\/v2\/types\/post"}],"author":[{"embeddable":true,"href":"https:\/\/www.wineandweather.net\/index.php?rest_route=\/wp\/v2\/users\/1"}],"replies":[{"embeddable":true,"href":"https:\/\/www.wineandweather.net\/index.php?rest_route=%2Fwp%2Fv2%2Fcomments&post=442"}],"version-history":[{"count":8,"href":"https:\/\/www.wineandweather.net\/index.php?rest_route=\/wp\/v2\/posts\/442\/revisions"}],"predecessor-version":[{"id":445,"href":"https:\/\/www.wineandweather.net\/index.php?rest_route=\/wp\/v2\/posts\/442\/revisions\/445"}],"wp:attachment":[{"href":"https:\/\/www.wineandweather.net\/index.php?rest_route=%2Fwp%2Fv2%2Fmedia&parent=442"}],"wp:term":[{"taxonomy":"category","embeddable":true,"href":"https:\/\/www.wineandweather.net\/index.php?rest_route=%2Fwp%2Fv2%2Fcategories&post=442"},{"taxonomy":"post_tag","embeddable":true,"href":"https:\/\/www.wineandweather.net\/index.php?rest_route=%2Fwp%2Fv2%2Ftags&post=442"}],"curies":[{"name":"wp","href":"https:\/\/api.w.org\/{rel}","templated":true}]}}