{"id":1410,"date":"2014-04-29T18:52:50","date_gmt":"2014-04-29T17:52:50","guid":{"rendered":"http:\/\/www.wineandweather.net\/?p=1410"},"modified":"2014-04-29T18:58:30","modified_gmt":"2014-04-29T17:58:30","slug":"popoldanske-nevihte-in-toca-v-delu-goriskih-brd-29042014","status":"publish","type":"post","link":"https:\/\/www.wineandweather.net\/?p=1410","title":{"rendered":"Popoldanske nevihte in to\u010da v delu Gori\u0161kih Brd &#8211; 29\/04\/2014"},"content":{"rendered":"<p><a href=\"http:\/\/www.wineandweather.net\/wp-content\/uploads\/2014\/04\/slika3.jpg\"><img loading=\"lazy\" decoding=\"async\" class=\"alignleft size-medium wp-image-1411\" alt=\"Popoldanska nevihta zahodno od Gori\u0161kih Brd\" src=\"http:\/\/www.wineandweather.net\/wp-content\/uploads\/2014\/04\/slika3-300x200.jpg\" width=\"300\" height=\"200\" srcset=\"https:\/\/www.wineandweather.net\/wp-content\/uploads\/2014\/04\/slika3-300x200.jpg 300w, https:\/\/www.wineandweather.net\/wp-content\/uploads\/2014\/04\/slika3-150x100.jpg 150w, https:\/\/www.wineandweather.net\/wp-content\/uploads\/2014\/04\/slika3.jpg 1006w\" sizes=\"(max-width: 300px) 100vw, 300px\" \/><\/a>Nestabilno vreme nad na\u0161imi kraji se nadaljuje. Po nekaj dneh zmernega de\u017eja in \u0161ibkej\u0161ih ploh, se je 29. aprila\u00a0v vi\u0161inah\u00a0ponovno\u00a0nekoliko ohladilo, kar je povzro\u010dilo ve\u010d nestabilnosti in ugodnej\u0161e pogoje za nevihte. Ob \u0161ibkem strigu (pod 10 vozlov DLS)\u00a0smo imeli okoli 300 J\/kg MLCAPE-a. Spodaj je pihal \u0161ibak jugozahodnik, ki je vi\u0161je v atmosferi obra\u010dal v zahodnik\u00a0in nato v severovzhodnik. Vsekakor pogoji, ki so sposobni sproducirati predvsem\u00a0kratkotrajne pulzne nevihte in kak\u0161no multicelico. Vendar tudi take nevihte s seboj lahko prinesejo drobnej\u0161o to\u010do, premikanje\u00a0nevihtnih celic pa je v takih razmerah zelo po\u010dasno, zato to\u010da\u00a0v nekem kraju lahko pada dalj \u010dasa in povzro\u010di znatno \u0161kodo.\u00a0Ob mo\u010dnih nalivih je velika tudi nevarnost lokalnih poplav.<\/p>\n<p>Gori\u0161ka Brda v zadnjih letih to\u010da\u00a0najpogosteje prizadene v takih marginalnih, oziroma za\u00a0razvoj mo\u010dnih neviht\u00a0ne preve\u010d ugodnih situacijah. Spomnimo se samo lanske to\u010de v Vi\u0161njeviku, kjer je ena takih po\u010dasi se premikajo\u010dih multiceli\u010dnih neviht povzro\u010dila veliko \u0161kodo in\u00a0v nekaterih primerih celo odnesla celoten lanskoletni\u00a0pridelek. Danes na sre\u010do ni bilo tako hudo, saj je\u00a0multicelica, ki je nastala iz treh pulznih neviht severno od Brd, prav nad Brdi nenadoma oslabela. Tako je to\u010da zajela le del Krasnega,\u00a0huj\u0161e \u0161kode pa\u00a0ni bilo.<\/p>\n<p><a href=\"http:\/\/www.wineandweather.net\/wp-content\/uploads\/2014\/04\/290414_skewt_12z.gif\"><img loading=\"lazy\" decoding=\"async\" class=\"size-medium wp-image-1412 alignleft\" alt=\"290414_skewt_12z\" src=\"http:\/\/www.wineandweather.net\/wp-content\/uploads\/2014\/04\/290414_skewt_12z-300x240.gif\" width=\"300\" height=\"240\" \/><\/a><\/p>\n<p>Prve nevihte dneva so se za\u010dele razvijati \u017ee razmeroma zgodaj. Opoldne po lokalnem \u010dasu je nekaj neviht nastalo ju\u017eno in zahodno od Brd. \u0160lo je le za kratko\u017eive pulzne nevihte, ki so kmalu zamrle. Okoli 14:00 ure\u00a0je v\u00a0okolici \u010cedada nastalo\u00a0ve\u010d novih celic, ki so kmalu prerasle v multicelico. Ta je le po\u010dasi napredovala proti jugu. Sprva je bil najmo\u010dnej\u0161i njen zahodni del, a ob prihodu nevihte nad Kanalski Kolovrat je na mo\u010di izrazito pridobil njen vzhodni del. Radar v Gradu je kmalu pokazal odboje prek 65 dbz, kar navadno pomeni to\u010do. Pogled na sliko iz webkamere na Koradi (812 m) je kaj kmalu razkril prva bela zrna na tleh, ter kasneje intenziven naliv z intenziteto RR=157,2 mm\/h ter s to\u010do, ki je po grobi oceni, glede na sliko iz kamere presegala velikost 1 cm. Zaradi po\u010dasnega pomika nevihte je to\u010da padala celih 20 minut in dodobra pobelila vrh Korade. Vremenska postaja ob Planinski ko\u010di na Koradi je izmerila v pol ure kar 28 mm padavin. Kot re\u010deno je nevihta kasneje nad Brdi oslabela, to\u010da je nekaj \u0161kode povzro\u010dila le na vinogradih v okolici Krasnega, kjer je bilo opaziti preluknjane liste ter kak\u0161no zlomljeno mladiko.<\/p>\n<p>Satelitska in radarska slika padavin ob 15:10 uri po lokalnem \u010dasu:<\/p>\n<p><a href=\"http:\/\/www.wineandweather.net\/wp-content\/uploads\/2014\/04\/290414_sat24_13z.jpg\"><img loading=\"lazy\" decoding=\"async\" class=\"size-medium wp-image-1414 alignleft\" alt=\"290414_sat24_13z\" src=\"http:\/\/www.wineandweather.net\/wp-content\/uploads\/2014\/04\/290414_sat24_13z-300x217.jpg\" width=\"300\" height=\"217\" srcset=\"https:\/\/www.wineandweather.net\/wp-content\/uploads\/2014\/04\/290414_sat24_13z-300x217.jpg 300w, https:\/\/www.wineandweather.net\/wp-content\/uploads\/2014\/04\/290414_sat24_13z.jpg 751w\" sizes=\"(max-width: 300px) 100vw, 300px\" \/><\/a>\u00a0 <a href=\"http:\/\/www.wineandweather.net\/wp-content\/uploads\/2014\/04\/290414_osmer_1510.png\"><img loading=\"lazy\" decoding=\"async\" class=\"alignnone size-medium wp-image-1418\" alt=\"290414_osmer_1510\" src=\"http:\/\/www.wineandweather.net\/wp-content\/uploads\/2014\/04\/290414_osmer_1510-300x300.png\" width=\"300\" height=\"300\" srcset=\"https:\/\/www.wineandweather.net\/wp-content\/uploads\/2014\/04\/290414_osmer_1510-300x300.png 300w, https:\/\/www.wineandweather.net\/wp-content\/uploads\/2014\/04\/290414_osmer_1510-150x150.png 150w, https:\/\/www.wineandweather.net\/wp-content\/uploads\/2014\/04\/290414_osmer_1510.png 501w\" sizes=\"(max-width: 300px) 100vw, 300px\" \/><\/a><\/p>\n<p>Pogled na nevihto iz vasi Kojsko v Gori\u0161kih Brdih ter slika atmosferskih razelektritev. Bliskanja v oblaku je bilo ogromno, medtem ko CG-jk ni bilo opaziti:<\/p>\n<p><a href=\"http:\/\/www.wineandweather.net\/wp-content\/uploads\/2014\/04\/slika1.jpg\"><img loading=\"lazy\" decoding=\"async\" class=\"size-medium wp-image-1421 alignleft\" alt=\"\" src=\"http:\/\/www.wineandweather.net\/wp-content\/uploads\/2014\/04\/slika1-300x200.jpg\" width=\"300\" height=\"200\" srcset=\"https:\/\/www.wineandweather.net\/wp-content\/uploads\/2014\/04\/slika1-300x200.jpg 300w, https:\/\/www.wineandweather.net\/wp-content\/uploads\/2014\/04\/slika1-150x100.jpg 150w, https:\/\/www.wineandweather.net\/wp-content\/uploads\/2014\/04\/slika1.jpg 1006w\" sizes=\"(max-width: 300px) 100vw, 300px\" \/><\/a>\u00a0 <a href=\"http:\/\/www.wineandweather.net\/wp-content\/uploads\/2014\/04\/290414_blitz.png\"><img loading=\"lazy\" decoding=\"async\" class=\"alignnone size-medium wp-image-1422\" alt=\"290414_blitz\" src=\"http:\/\/www.wineandweather.net\/wp-content\/uploads\/2014\/04\/290414_blitz-300x300.png\" width=\"300\" height=\"300\" srcset=\"https:\/\/www.wineandweather.net\/wp-content\/uploads\/2014\/04\/290414_blitz-300x300.png 300w, https:\/\/www.wineandweather.net\/wp-content\/uploads\/2014\/04\/290414_blitz-150x150.png 150w, https:\/\/www.wineandweather.net\/wp-content\/uploads\/2014\/04\/290414_blitz.png 925w\" sizes=\"(max-width: 300px) 100vw, 300px\" \/><\/a><\/p>\n<p>Slika iz web kamere na Koradi (812m) ter grafi iz Vremenske postaje Korada (803m), ki prikazujejo nenaden padec temperature za 5 stopinj C ob prehodu nevihte ter jakost naliva (mm\/h). Zadnja fotografija prikazuje obseg \u0161kode na vinski trti v vasi Krasno:<\/p>\n<p><a href=\"http:\/\/www.wineandweather.net\/wp-content\/uploads\/2014\/04\/290414_camkorada.jpg\"><img loading=\"lazy\" decoding=\"async\" class=\"alignnone size-medium wp-image-1427\" alt=\"290414_camkorada\" src=\"http:\/\/www.wineandweather.net\/wp-content\/uploads\/2014\/04\/290414_camkorada-300x225.jpg\" width=\"300\" height=\"225\" srcset=\"https:\/\/www.wineandweather.net\/wp-content\/uploads\/2014\/04\/290414_camkorada-300x225.jpg 300w, https:\/\/www.wineandweather.net\/wp-content\/uploads\/2014\/04\/290414_camkorada.jpg 640w\" sizes=\"(max-width: 300px) 100vw, 300px\" \/><\/a>\u00a0 <a href=\"http:\/\/www.wineandweather.net\/wp-content\/uploads\/2014\/04\/290414_temp_korada.gif\"><img loading=\"lazy\" decoding=\"async\" class=\"alignnone size-medium wp-image-1426\" alt=\"290414_temp_korada\" src=\"http:\/\/www.wineandweather.net\/wp-content\/uploads\/2014\/04\/290414_temp_korada-300x187.gif\" width=\"300\" height=\"187\" \/><\/a><\/p>\n<p><a href=\"http:\/\/www.wineandweather.net\/wp-content\/uploads\/2014\/04\/290414_RR_korada.gif\"><img loading=\"lazy\" decoding=\"async\" class=\"alignleft size-medium wp-image-1425\" alt=\"290414_RR_korada\" src=\"http:\/\/www.wineandweather.net\/wp-content\/uploads\/2014\/04\/290414_RR_korada-300x187.gif\" width=\"300\" height=\"187\" \/><\/a>\u00a0 <a href=\"http:\/\/www.wineandweather.net\/wp-content\/uploads\/2014\/04\/slika2.jpg\"><img loading=\"lazy\" decoding=\"async\" class=\"alignnone size-medium wp-image-1420\" alt=\"slika2\" src=\"http:\/\/www.wineandweather.net\/wp-content\/uploads\/2014\/04\/slika2-200x300.jpg\" width=\"200\" height=\"300\" srcset=\"https:\/\/www.wineandweather.net\/wp-content\/uploads\/2014\/04\/slika2-200x300.jpg 200w, https:\/\/www.wineandweather.net\/wp-content\/uploads\/2014\/04\/slika2.jpg 673w\" sizes=\"(max-width: 200px) 100vw, 200px\" \/><\/a><\/p>\n<p>Nevihte so se kasneje razbesnele nad Furlanijo in Bene\u010dijo, kjer je radar kazal zelo mo\u010dne odboje, vendar poro\u010dila iz tistih koncev \u0161e \u010dakamo. Vsekakor zanimiv nevihtni dan, saj\u00a0tako mo\u010dnih neviht nismo pri\u010dakovali. Na sre\u010do je\u00a0tokrat minilo brez huj\u0161e \u0161kode.<\/p>\n<p>Viri:<\/p>\n<ul>\n<li><a href=\"http:\/\/weather.uwyo.edu\/upperair\/europe.html\" target=\"_blank\">University of Wyoming &#8211; sonda\u017ee<\/a><\/li>\n<li><a href=\"http:\/\/www.sat24.com\/en\/alps\" target=\"_blank\">Sat24.com<\/a><\/li>\n<li><a href=\"http:\/\/www.osmer.fvg.it\/IT\/RAD\/StrutturaRadar.php\" target=\"_blank\">Radar Osmer FVG<\/a><\/li>\n<li><a href=\"http:\/\/www.blitzortung.org\/Webpages\/index.php?lang=en&amp;subpage_0=6\" target=\"_blank\">Blitzortung<\/a><\/li>\n<li>Vremenske postaje in web kamere na WineAndWeather.net<\/li>\n<\/ul>\n","protected":false},"excerpt":{"rendered":"<p>Nestabilno vreme nad na\u0161imi kraji se nadaljuje. Po nekaj dneh zmernega de\u017eja in \u0161ibkej\u0161ih ploh, se je 29. aprila\u00a0v vi\u0161inah\u00a0ponovno\u00a0nekoliko ohladilo, kar je povzro\u010dilo ve\u010d nestabilnosti in ugodnej\u0161e pogoje za nevihte. Ob \u0161ibkem strigu (pod 10 vozlov DLS)\u00a0smo imeli okoli 300 J\/kg MLCAPE-a. Spodaj je pihal \u0161ibak jugozahodnik, ki je vi\u0161je v atmosferi obra\u010dal v [&hellip;]<\/p>\n","protected":false},"author":1,"featured_media":0,"comment_status":"open","ping_status":"closed","sticky":false,"template":"","format":"standard","meta":{"footnotes":""},"categories":[22,3,84],"tags":[1025,720,495,147,20,58,49,97,90,1029,126,1028,302,970,1026,176,57,372,1027,351],"_links":{"self":[{"href":"https:\/\/www.wineandweather.net\/index.php?rest_route=\/wp\/v2\/posts\/1410"}],"collection":[{"href":"https:\/\/www.wineandweather.net\/index.php?rest_route=\/wp\/v2\/posts"}],"about":[{"href":"https:\/\/www.wineandweather.net\/index.php?rest_route=\/wp\/v2\/types\/post"}],"author":[{"embeddable":true,"href":"https:\/\/www.wineandweather.net\/index.php?rest_route=\/wp\/v2\/users\/1"}],"replies":[{"embeddable":true,"href":"https:\/\/www.wineandweather.net\/index.php?rest_route=%2Fwp%2Fv2%2Fcomments&post=1410"}],"version-history":[{"count":13,"href":"https:\/\/www.wineandweather.net\/index.php?rest_route=\/wp\/v2\/posts\/1410\/revisions"}],"predecessor-version":[{"id":1433,"href":"https:\/\/www.wineandweather.net\/index.php?rest_route=\/wp\/v2\/posts\/1410\/revisions\/1433"}],"wp:attachment":[{"href":"https:\/\/www.wineandweather.net\/index.php?rest_route=%2Fwp%2Fv2%2Fmedia&parent=1410"}],"wp:term":[{"taxonomy":"category","embeddable":true,"href":"https:\/\/www.wineandweather.net\/index.php?rest_route=%2Fwp%2Fv2%2Fcategories&post=1410"},{"taxonomy":"post_tag","embeddable":true,"href":"https:\/\/www.wineandweather.net\/index.php?rest_route=%2Fwp%2Fv2%2Ftags&post=1410"}],"curies":[{"name":"wp","href":"https:\/\/api.w.org\/{rel}","templated":true}]}}