{"id":1114,"date":"2012-05-06T14:58:57","date_gmt":"2012-05-06T13:58:57","guid":{"rendered":"http:\/\/www.wineandweather.net\/?p=1114"},"modified":"2012-05-06T15:06:50","modified_gmt":"2012-05-06T14:06:50","slug":"predfrontalne-nevihte-s-supercelico-v-venetu-in-furlaniji-05052012","status":"publish","type":"post","link":"https:\/\/www.wineandweather.net\/?p=1114","title":{"rendered":"Predfrontalne nevihte s supercelico v Bene\u010diji in Furlaniji &#8211; 05\/05\/2012"},"content":{"rendered":"<p>Polarna fronta je tudi v maju \u0161e naprej \u017eivahna. Nov prodor hladnega zraka v zahodno Evropo s hladno fronto, ki bo v no\u010di na ponedeljek 07\/05\/2012 pre\u0161la na\u0161e kraje, je pomenil pestro predfrontalno dogajanje v severovzhodni Italji. Preko Jadrana je v notranjost Furlanije pihal mo\u010dan jugo, v vi\u0161jih plasteh pa smo imeli precej mo\u010dan jugozahodnik. Edina stvar, ki je kvarila celotno sliko, so bili \u0161ibki vetrovi v vi\u0161inah. Dejansko je bila Furlanija ujeta v mrtvi kot med dva jet streama. Vseeno je preko 40 vozlov dls-ja, dobrih 100 m2\/s2 SREH-a 0-3 km in med 500 in 1000 J\/kg CAPE-a ob mo\u010dnem jugu pri tleh in pribli\u017eno -20\u00b0C na ploskvi 500 hpa nudilo dobre pogoje za razvoj superceli\u010dnih neviht.<\/p>\n<p>Dolina hladnega zraka nad zahodno Evropo:<\/p>\n<p><img loading=\"lazy\" decoding=\"async\" class=\"alignnone\" title=\"GFS 500 hpa\" src=\"http:\/\/www.wineandweather.net\/Foto\/VP\/maj2012\/gfs500hpa_050512_12z.gif\" alt=\"\" width=\"700\" height=\"509\" \/><\/p>\n<p>Modeli so risali najbolj\u0161i veering profil med 15z in 18z, ko naj bi imela zahodna Furlanija tudi pribli\u017eno 1000 J\/kg CAPE-a. Vseeno se je dogajati za\u010delo \u017ee precej prej. Radarska slika padavin se je prvi\u010d obarvala rde\u010de \u017ee ob 12:00 po lokalnem \u010dasu, ko je nastala mo\u010dna nevihta severovzhodno od Vidma (Udine). Iz Gori\u0161kih Brd je bilo mogo\u010de opazovati krepak nagnjen updraft. Druga mo\u010dna celica je nastala v severozahodni Furlaniji, na meji z Bene\u010dijo, tik pod Alpami:<\/p>\n<p><img loading=\"lazy\" decoding=\"async\" class=\"alignnone\" title=\"Radar Osmer FVG\" src=\"http:\/\/www.wineandweather.net\/Foto\/VP\/maj2012\/radar_050512_1200.gif\" alt=\"\" width=\"501\" height=\"501\" \/><\/p>\n<p>Celico nad Udinami je hitro odneslo v hribe, kjer je oslabela. Druga celica se je lepo razvijala in kmalu postala superceli\u010dna, kar je bilo lepo razvidno iz njenega gibanja (rigtmoover). Najmo\u010dnej\u0161e odboje je dajala v okolici Pordenone-ja. Severno od Palmanove je nenadoma razpadla na dva dela in ugasnila.<\/p>\n<p>Radar z maksimalnim odbojem izolirane supercelice zahodno od Pordenone-a:<\/p>\n<p><img loading=\"lazy\" decoding=\"async\" class=\"alignnone\" title=\"Radar Osmer FVG\" src=\"http:\/\/www.wineandweather.net\/Foto\/VP\/maj2012\/radar_050512_1300.gif\" alt=\"\" width=\"501\" height=\"501\" \/><\/p>\n<p>Nato se je stanje v osrednji Furlaniji nekoliko umirilo. Novi stebri kumulusov so rastli na konvergenci v vzhodni Bene\u010diji, vendar nobena od celic ni hotela prevzeti pobude, zato je ostajalo predvsem pri plohah. Ob 15:00 po lokalnem \u010dasu sta v okolici Vidma (Udine) nastali dve multiceli\u010dni nevihti, ki sta imeli lepo nagnjene stebre updrafta, vendar sta kmalu oslabeli.<\/p>\n<p>Radarska slika multicelic nad Vidmom (Udine) in \u0161tevilne manj\u0161e celice na konvergenci v Bene\u010diji:<\/p>\n<p><img loading=\"lazy\" decoding=\"async\" class=\"alignnone\" title=\"Radar Osmer FVG\" src=\"http:\/\/www.wineandweather.net\/Foto\/VP\/maj2012\/radar_050512_1530.gif\" alt=\"\" width=\"501\" height=\"501\" \/><\/p>\n<p>Fotografija razpadle supercelice ob 14:00 po lokalnem \u010dasu pri kraju San Giovanni di Natisone (levo) ter vzhodna multicelica nad Vidmom (Udine):<\/p>\n<p><a href=\"http:\/\/www.wineandweather.net\/cpg1427\/thumbnails.php?album=77\"><img loading=\"lazy\" decoding=\"async\" class=\"alignnone\" title=\"Razpadla supercelica v Furlaniji\" src=\"http:\/\/www.wineandweather.net\/cpg1427\/albums\/uploads\/supveneto050512\/slika1.jpg\" alt=\"\" width=\"300\" height=\"200\" \/><\/a> <a href=\"http:\/\/www.wineandweather.net\/cpg1427\/thumbnails.php?album=77\"><img loading=\"lazy\" decoding=\"async\" class=\"alignnone\" title=\"Multicelica nad Udinami\" src=\"http:\/\/www.wineandweather.net\/cpg1427\/albums\/uploads\/supveneto050512\/slika2.jpg\" alt=\"\" width=\"300\" height=\"200\" \/><\/a><\/p>\n<p>Medtem so se nekoliko okepile tudi celice v Bene\u010diji. Ena od njih je izgledala posebej interesantna, a je vendarle kmalu oslabela. Vseeno je bilo videti lepo bazo preden je povsem razpadla. Druga precej mo\u010dnej\u0161a multicelica s shelf cloudom je nastala tik pred prehodom ravnine v predalpski svet Furlanije. Nalivi so bili intenzivni, razelektritve pa zelo redke, tako da bi ji skoraj lahko rekli ploha.<\/p>\n<p>Radarska slika multicelice v predalpskem svetu z ostanki \u0161e nekaj minut prej obetavne celice jugozahodno:<\/p>\n<p><img loading=\"lazy\" decoding=\"async\" class=\"alignnone\" title=\"Radar Osmer FVG\" src=\"http:\/\/www.wineandweather.net\/Foto\/VP\/maj2012\/radar_050512_1620.gif\" alt=\"\" width=\"501\" height=\"501\" \/><\/p>\n<p>Fotografiji obeh omenjenih celic:<\/p>\n<p><a href=\"http:\/\/www.wineandweather.net\/cpg1427\/thumbnails.php?album=77\"><img loading=\"lazy\" decoding=\"async\" class=\"alignnone\" title=\"Celica NW od Codroipa\" src=\"http:\/\/www.wineandweather.net\/cpg1427\/albums\/uploads\/supveneto050512\/slika20.jpg\" alt=\"\" width=\"300\" height=\"200\" \/><\/a> <a href=\"http:\/\/www.wineandweather.net\/cpg1427\/thumbnails.php?album=77\"><img loading=\"lazy\" decoding=\"async\" class=\"alignnone\" title=\"Multicelica v predalpah\" src=\"http:\/\/www.wineandweather.net\/cpg1427\/albums\/uploads\/supveneto050512\/slika3.jpg\" alt=\"\" width=\"300\" height=\"200\" \/><\/a><\/p>\n<p>Ko je padavinski pas teh neviht zaklju\u010dil svojo pot, je Furlanija dobila povsem jesenski izgled. Tu pa tam se je pojavila kaka ploha, opazovali smo lahko mavrico, nekaj sonca je bilo seveda vmes, le neviht, ki bi upravi\u010dile pogoje, ni bilo. O\u010ditno je najve\u010djo te\u017eavo predstavljala subsidenca na 600 hpa ter \u017ee omenjeni polo\u017eaj jet stream-ov v vi\u0161inah. Preprosto ni bilo pravih pogojev, da bi se celice lahko zares razvile.<\/p>\n<p>Vendar je gfs ob 18z spet risal dviganje nad Bene\u010dijo ter zahodno Furlanijo, kar je dajalo \u0161e majhno upanje, da nekaj nastane. Zanimivo celico je okoli 19:00 pognalo v zrak precej zahodno od Trevisa. Kmalu se je okrepila, poleg nje je nastala \u0161e ena:<\/p>\n<p><img loading=\"lazy\" decoding=\"async\" class=\"alignnone\" title=\"Radar Osmer FVG\" src=\"http:\/\/www.wineandweather.net\/Foto\/VP\/maj2012\/radar_050512_1900.gif\" alt=\"\" width=\"501\" height=\"501\" \/><\/p>\n<p>Hitro sta potovali proti vzhodu. Predvsem spodnja je kmalu postala superceli\u010dna, medtem ko je zgornjo vzhodno od Trevisa raztegnilo v multicelico z lepim shelf cloudom.<\/p>\n<p>Radar:<\/p>\n<p><img loading=\"lazy\" decoding=\"async\" class=\"alignnone\" title=\"Radar Osmer FVG\" src=\"http:\/\/www.wineandweather.net\/Foto\/VP\/maj2012\/radar_050512_1940.gif\" alt=\"\" width=\"501\" height=\"501\" \/><\/p>\n<p>Fotografije shelf clouda zgornje celice:<\/p>\n<p><a href=\"http:\/\/www.wineandweather.net\/cpg1427\/thumbnails.php?album=77\"><img loading=\"lazy\" decoding=\"async\" class=\"alignnone\" title=\"Shelf cloud pri kraju Belfiore (Bene\u010dija)\" src=\"http:\/\/www.wineandweather.net\/cpg1427\/albums\/uploads\/supveneto050512\/slika9.jpg\" alt=\"\" width=\"300\" height=\"200\" \/><\/a> <a href=\"http:\/\/www.wineandweather.net\/cpg1427\/thumbnails.php?album=77\"><img loading=\"lazy\" decoding=\"async\" class=\"alignnone\" title=\"Shelf cloud pri kraju Belfiore (Bene\u010dija)\" src=\"http:\/\/www.wineandweather.net\/cpg1427\/albums\/uploads\/supveneto050512\/slika8.jpg\" alt=\"\" width=\"300\" height=\"200\" \/><\/a><\/p>\n<p>Spodnja supercelica je imela izrazit mezociklon, ki je v marsi\u010dem spominjal na tiste ameri\u0161ke supercelice. RFD je bil lepo definiran. \u0160lo je za klasi\u010dno rightmoover supercelico, ki je potovala v smeri proti vzhodu jugovzhodu. S seboj je nosila silovite nalive, ki so zaustavljali promet po cestah jugovzhodne Bene\u010dije. To\u010de ni bilo opaziti, so pa bile zato razelektritve silovite, vendar za fotografiranje le teh ni bilo \u010dasa, saj je nevihta potovala izredno hitro.<\/p>\n<p>Radarska slika:<\/p>\n<p><img loading=\"lazy\" decoding=\"async\" class=\"alignnone\" title=\"Radar Osmer FVG\" src=\"http:\/\/www.wineandweather.net\/Foto\/VP\/maj2012\/radar_050512_2040.gif\" alt=\"\" width=\"501\" height=\"501\" \/><\/p>\n<p><a href=\"http:\/\/www.wineandweather.net\/cpg1427\/thumbnails.php?album=77\"><img loading=\"lazy\" decoding=\"async\" class=\"alignnone\" title=\"Supercelica v Bene\u010diji\" src=\"http:\/\/www.wineandweather.net\/cpg1427\/albums\/uploads\/supveneto050512\/slika13.jpg\" alt=\"\" width=\"300\" height=\"200\" \/><\/a> <a href=\"http:\/\/www.wineandweather.net\/cpg1427\/thumbnails.php?album=77\"><img loading=\"lazy\" decoding=\"async\" class=\"alignnone\" title=\"Mezociklon\" src=\"http:\/\/www.wineandweather.net\/cpg1427\/albums\/uploads\/supveneto050512\/slika14.jpg\" alt=\"\" width=\"300\" height=\"200\" \/><\/a><\/p>\n<p>Preden je dosegla obalo, je bilo mo\u010d opazovati \u0161e lep shelf cloud. Vzhodno od Latisane je pre\u0161la v multicelico, ki je nadaljevala pot proti zahodu. Pojavljali so se mo\u010dni nalivi ter CG razelektritve.<\/p>\n<p>Radarska slika:<\/p>\n<p><img loading=\"lazy\" decoding=\"async\" class=\"alignnone\" title=\"Radar Osmer FVG\" src=\"http:\/\/www.wineandweather.net\/Foto\/VP\/maj2012\/radar_050512_2200.gif\" alt=\"\" width=\"501\" height=\"501\" \/><\/p>\n<p>Fotografija shelf clouda pred supercelico v Bene\u010diji, preden je ta dosegla obalo, ter fotografija shelf clouda kasneje, preden je nevihta dosegla gori\u0161ki Kras:<\/p>\n<p><a href=\"http:\/\/www.wineandweather.net\/cpg1427\/thumbnails.php?album=77\"><img loading=\"lazy\" decoding=\"async\" class=\"alignnone\" title=\"Shelf cloud v Bene\u010diji\" src=\"http:\/\/www.wineandweather.net\/cpg1427\/albums\/uploads\/supveneto050512\/slika17.jpg\" alt=\"\" width=\"300\" height=\"200\" \/><\/a> <a href=\"http:\/\/www.wineandweather.net\/cpg1427\/displayimage.php?album=77&amp;pos=17\"><img loading=\"lazy\" decoding=\"async\" class=\"alignnone\" title=\"Shelf cloud\" src=\"http:\/\/www.wineandweather.net\/cpg1427\/albums\/uploads\/supveneto050512\/slika19.jpg\" alt=\"\" width=\"300\" height=\"200\" \/><\/a><\/p>\n<p>Aktivnost neviht je ob vstopu v Slovenijo zamrla.<\/p>\n<p>Viri:<\/p>\n<ul>\n<li><a href=\"http:\/\/www.wetter3.de\/Archiv\/\" target=\"_blank\">GFS arhiv<\/a><\/li>\n<li><a href=\"http:\/\/www.osmer.fvg.it\/\" target=\"_blank\">Radar Osmer FVG<\/a><\/li>\n<\/ul>\n","protected":false},"excerpt":{"rendered":"<p>Polarna fronta je tudi v maju \u0161e naprej \u017eivahna. Nov prodor hladnega zraka v zahodno Evropo s hladno fronto, ki bo v no\u010di na ponedeljek 07\/05\/2012 pre\u0161la na\u0161e kraje, je pomenil pestro predfrontalno dogajanje v severovzhodni Italji. Preko Jadrana je v notranjost Furlanije pihal mo\u010dan jugo, v vi\u0161jih plasteh pa smo imeli precej mo\u010dan jugozahodnik. [&hellip;]<\/p>\n","protected":false},"author":1,"featured_media":0,"comment_status":"open","ping_status":"closed","sticky":false,"template":"","format":"standard","meta":{"footnotes":""},"categories":[1,3],"tags":[482,691,565,690,689,685,61,225,114,198,47,58,97,688,206,90,325,175,101,126,254,60,48,57,445,686,116,687,83],"_links":{"self":[{"href":"https:\/\/www.wineandweather.net\/index.php?rest_route=\/wp\/v2\/posts\/1114"}],"collection":[{"href":"https:\/\/www.wineandweather.net\/index.php?rest_route=\/wp\/v2\/posts"}],"about":[{"href":"https:\/\/www.wineandweather.net\/index.php?rest_route=\/wp\/v2\/types\/post"}],"author":[{"embeddable":true,"href":"https:\/\/www.wineandweather.net\/index.php?rest_route=\/wp\/v2\/users\/1"}],"replies":[{"embeddable":true,"href":"https:\/\/www.wineandweather.net\/index.php?rest_route=%2Fwp%2Fv2%2Fcomments&post=1114"}],"version-history":[{"count":4,"href":"https:\/\/www.wineandweather.net\/index.php?rest_route=\/wp\/v2\/posts\/1114\/revisions"}],"predecessor-version":[{"id":1117,"href":"https:\/\/www.wineandweather.net\/index.php?rest_route=\/wp\/v2\/posts\/1114\/revisions\/1117"}],"wp:attachment":[{"href":"https:\/\/www.wineandweather.net\/index.php?rest_route=%2Fwp%2Fv2%2Fmedia&parent=1114"}],"wp:term":[{"taxonomy":"category","embeddable":true,"href":"https:\/\/www.wineandweather.net\/index.php?rest_route=%2Fwp%2Fv2%2Fcategories&post=1114"},{"taxonomy":"post_tag","embeddable":true,"href":"https:\/\/www.wineandweather.net\/index.php?rest_route=%2Fwp%2Fv2%2Ftags&post=1114"}],"curies":[{"name":"wp","href":"https:\/\/api.w.org\/{rel}","templated":true}]}}